{"id":523,"date":"2025-11-03T15:14:53","date_gmt":"2025-11-03T15:14:53","guid":{"rendered":"https:\/\/djnyack.com\/site\/?p=523"},"modified":"2025-11-12T14:29:24","modified_gmt":"2025-11-12T14:29:24","slug":"emicida-racional-vl-3-as-aventuras-de-dj-reliquia-e-lrx","status":"publish","type":"post","link":"https:\/\/djnyack.com\/site\/mixtapes\/emicida-racional-vl-3-as-aventuras-de-dj-reliquia-e-lrx\/","title":{"rendered":"Emicida Racional VL 3 \u2013 As Aventuras de DJ Rel\u00edquia &#038; LRX"},"content":{"rendered":"<p>Tem coisa que o tempo n\u00e3o apaga. Depois de encerrar um ciclo de 18 anos rodando o Brasil (e o mundo) com o Emicida, a gente se reencontrou do melhor jeito poss\u00edvel: no som. \u201cEmicida Racional VL3 &#8211; As Aventuras de DJ Rel\u00edquia e LRX\u201d \u00e9 uma mixtape que nasceu da vontade de voltar \u00e0s origens, daquele clima de quando tudo era na base do vinil, do corte e da curiosidade.<\/p>\n<p>Nesse trampo, misturamos universos: Emicida e Racionais MC\u2019s. Pra gente, \u00e9 mais que uma homenagem. \u00c9 um resgate. Um lembrete do tempo em que o LRX (sim, o Emicida antes do nome que o mundo conhece) e o DJ Rel\u00edquia carregavam toca-discos pra cima e pra baixo nas quebradas, das festas do centro \u00e0 Rinha dos MCs. Era a rua, o suor e o amor pelo som que movia tudo.<\/p>\n<p>Hoje, com mais estrada, mais viv\u00eancia e a mesma vontade de fazer barulho, a gente volta pra esse ponto de partida, com o mesmo esp\u00edrito coletivo que o hip hop sempre ensinou: respeito, cria\u00e7\u00e3o e pertencimento.<\/p>\n<p>D\u00e1 o play e cola com a gente nessa viagem.<\/p>\n<p>{{tracklist}}<br \/>\n01<br \/>\nCap\u00edtulo Boa, Vers\u00edculo Esperan\u00e7a<br \/>\n02<br \/>\nLevanta e Estrada<br \/>\n03<br \/>\nPapel, caneta e num devo, num temo me d\u00e1 meu copo que j\u00e1 era\u2026<br \/>\n04<br \/>\nX\u00f4 falar puc\u00ea, eu j\u00e1 invejei quem tem pai<br \/>\n05<br \/>\nVoz Triunfal (B\u00f4nus Track)<br \/>\n{{\/tracklist}}<\/p>\n","protected":false},"excerpt":{"rendered":"<p>Tem coisa que o tempo n\u00e3o apaga. Depois de encerrar um ciclo de 18 anos rodando o Brasil (e o mundo) com o Emicida, a gente se reencontrou do melhor jeito poss\u00edvel: no som. \u201cEmicida Racional VL3 &#8211; As Aventuras de DJ Rel\u00edquia e LRX\u201d \u00e9 uma mixtape que nasceu da vontade de voltar \u00e0s [&hellip;]<\/p>\n","protected":false},"author":1,"featured_media":524,"comment_status":"open","ping_status":"open","sticky":false,"template":"","format":"standard","meta":[],"categories":[6],"tags":[],"acf":{"embed":""},"_links":{"self":[{"href":"https:\/\/djnyack.com\/site\/wp-json\/wp\/v2\/posts\/523"}],"collection":[{"href":"https:\/\/djnyack.com\/site\/wp-json\/wp\/v2\/posts"}],"about":[{"href":"https:\/\/djnyack.com\/site\/wp-json\/wp\/v2\/types\/post"}],"author":[{"embeddable":true,"href":"https:\/\/djnyack.com\/site\/wp-json\/wp\/v2\/users\/1"}],"replies":[{"embeddable":true,"href":"https:\/\/djnyack.com\/site\/wp-json\/wp\/v2\/comments?post=523"}],"version-history":[{"count":6,"href":"https:\/\/djnyack.com\/site\/wp-json\/wp\/v2\/posts\/523\/revisions"}],"predecessor-version":[{"id":554,"href":"https:\/\/djnyack.com\/site\/wp-json\/wp\/v2\/posts\/523\/revisions\/554"}],"wp:featuredmedia":[{"embeddable":true,"href":"https:\/\/djnyack.com\/site\/wp-json\/wp\/v2\/media\/524"}],"wp:attachment":[{"href":"https:\/\/djnyack.com\/site\/wp-json\/wp\/v2\/media?parent=523"}],"wp:term":[{"taxonomy":"category","embeddable":true,"href":"https:\/\/djnyack.com\/site\/wp-json\/wp\/v2\/categories?post=523"},{"taxonomy":"post_tag","embeddable":true,"href":"https:\/\/djnyack.com\/site\/wp-json\/wp\/v2\/tags?post=523"}],"curies":[{"name":"wp","href":"https:\/\/api.w.org\/{rel}","templated":true}]}}