{"id":36,"date":"2022-02-10T22:17:05","date_gmt":"2022-02-10T22:17:05","guid":{"rendered":"https:\/\/djnyack.com\/site-wp\/2022\/02\/10\/versa%cc%83o-brasileira-vol-1\/"},"modified":"2022-02-10T22:17:09","modified_gmt":"2022-02-10T22:17:09","slug":"versa%cc%83o-brasileira-vol-1","status":"publish","type":"post","link":"https:\/\/djnyack.com\/site\/mixtapes\/versa%cc%83o-brasileira-vol-1\/","title":{"rendered":"Versa\u0303o Brasileira Vol. 1"},"content":{"rendered":"<p> {{tracklist}}01<br \/>\nTestando<br \/>\nEllen Ol\u00e9ria<br \/>\n02<br \/>\nManha Roxa (Mancha Rancho)<br \/>\nMax de Castro<br \/>\n03<br \/>\nVenha Dormir em Casa<br \/>\nTim Maia<br \/>\n04<br \/>\nFugiu Com a Novela<br \/>\nVanessa da Mata<br \/>\n05<br \/>\nBubuia<br \/>\nC\u00e9u (part. Anelis Assump\u00e7\u00e3o e Thalma de Freitas)<br \/>\n06<br \/>\nInfinito Particular<br \/>\nMarisa Monte<br \/>\n07<br \/>\nOnde Est\u00e1 Voc\u00ea<br \/>\nMariana Aydar<br \/>\n08<br \/>\nCompacto<br \/>\nCurumin<br \/>\n09<br \/>\nDe Alegria Raiou o Dia<br \/>\nSeu Jorge (part. Carlos Daf\u00e9)<br \/>\n10<br \/>\nTem Espa\u00e7o Na Van<br \/>\nEd Motta<br \/>\n11<br \/>\nMist\u00e9rio da Ra\u00e7a<br \/>\nBanda Black Rio<br \/>\n12<br \/>\nCompromisso<br \/>\nEd Motta<br \/>\n13<br \/>\nPonta de Areia<br \/>\nEsperanza Spalding{{\/tracklist}}<\/p>\n","protected":false},"excerpt":{"rendered":"<p>{{tracklist}}01 Testando Ellen Ol\u00e9ria 02 Manha Roxa (Mancha Rancho) Max de Castro 03 Venha Dormir em Casa Tim Maia 04 Fugiu Com a Novela Vanessa da Mata 05 Bubuia C\u00e9u (part. Anelis Assump\u00e7\u00e3o e Thalma de Freitas) 06 Infinito Particular Marisa Monte 07 Onde Est\u00e1 Voc\u00ea Mariana Aydar 08 Compacto Curumin 09 De Alegria Raiou [&hellip;]<\/p>\n","protected":false},"author":1,"featured_media":37,"comment_status":"closed","ping_status":"open","sticky":false,"template":"","format":"standard","meta":[],"categories":[5],"tags":[],"acf":{"embed":{"title":"Versa\u0303o Brasileira Vol. 1","url":"https:\/\/www.mixcloud.com\/djnyack\/vers%C3%A3o-brasileira-vol-1\/"}},"_links":{"self":[{"href":"https:\/\/djnyack.com\/site\/wp-json\/wp\/v2\/posts\/36"}],"collection":[{"href":"https:\/\/djnyack.com\/site\/wp-json\/wp\/v2\/posts"}],"about":[{"href":"https:\/\/djnyack.com\/site\/wp-json\/wp\/v2\/types\/post"}],"author":[{"embeddable":true,"href":"https:\/\/djnyack.com\/site\/wp-json\/wp\/v2\/users\/1"}],"replies":[{"embeddable":true,"href":"https:\/\/djnyack.com\/site\/wp-json\/wp\/v2\/comments?post=36"}],"version-history":[{"count":1,"href":"https:\/\/djnyack.com\/site\/wp-json\/wp\/v2\/posts\/36\/revisions"}],"predecessor-version":[{"id":38,"href":"https:\/\/djnyack.com\/site\/wp-json\/wp\/v2\/posts\/36\/revisions\/38"}],"wp:featuredmedia":[{"embeddable":true,"href":"https:\/\/djnyack.com\/site\/wp-json\/wp\/v2\/media\/37"}],"wp:attachment":[{"href":"https:\/\/djnyack.com\/site\/wp-json\/wp\/v2\/media?parent=36"}],"wp:term":[{"taxonomy":"category","embeddable":true,"href":"https:\/\/djnyack.com\/site\/wp-json\/wp\/v2\/categories?post=36"},{"taxonomy":"post_tag","embeddable":true,"href":"https:\/\/djnyack.com\/site\/wp-json\/wp\/v2\/tags?post=36"}],"curies":[{"name":"wp","href":"https:\/\/api.w.org\/{rel}","templated":true}]}}