{"id":252,"date":"2022-02-10T22:21:58","date_gmt":"2022-02-10T22:21:58","guid":{"rendered":"https:\/\/djnyack.com\/site-wp\/2022\/02\/10\/gilbertape-vol-2\/"},"modified":"2022-02-10T23:00:22","modified_gmt":"2022-02-10T23:00:22","slug":"gilbertape-vol-2","status":"publish","type":"post","link":"https:\/\/djnyack.com\/site\/mixtapes\/gilbertape-vol-2\/","title":{"rendered":"GilberTAPE Vol. 2"},"content":{"rendered":"<p>No ar a segunda parte de tr\u00eas, da mixtape homenageando a obra Gilberto Gil! Nesta segunda parte viajei bastante nos 80 e tamb\u00e9m no lado reggae music de Gil, mostrando tamb\u00e9m can\u00e7\u00f5es cantadas em ingl\u00eas e franc\u00eas tamb\u00e9m onde ele nos mostra o quanto a nossa m\u00fasica \u00e9 rica e importante a ponto de se preocupar com o alcance dela compondo em outros idiomas para que atinja o m\u00e1ximo de pessoas poss\u00edveis e ele consiga transmitir com maestria suas can\u00e7\u00f5es ao redor do mundo, boa audi\u00e7\u00e3o espero que gostem!<br \/>\nP.S.: Muito obrigado Juca Guimar\u00e3es [Jornalista] pelo carinho e admira\u00e7\u00e3o para com o meu trabalho, a ponto de fazer uma mat\u00e9ria sobre a primeira parte desta mixtape atingir mais pessoas, inclusive o pr\u00f3prio homenageado, sem palavras irm\u00e3o.<br \/>\nApreciem sem modera\u00e7\u00e3o!!!<br \/>\nArte: Dj Nyack {{tracklist}}01<br \/>\nDe Bob Dylan A Bob Marley Um Samba Provoca\u00e7\u00e3o<\/p>\n<p>02<br \/>\nRoda<\/p>\n<p>03<br \/>\nFutur\u00edvel<\/p>\n<p>04<br \/>\nRefazenda<\/p>\n<p>05<br \/>\n\u00cdndigo Blue<\/p>\n<p>06<br \/>\nVamos Fugir<\/p>\n<p>07<br \/>\nPositive Vibration<\/p>\n<p>08<br \/>\nThem Belly Full<\/p>\n<p>09<br \/>\nDo Jap\u00e3o<\/p>\n<p>10<br \/>\nJuazeiro<\/p>\n<p>11<br \/>\nEsperando Na Janela<\/p>\n<p>12<br \/>\nOriente<\/p>\n<p>13<br \/>\nWaiting In Vain<\/p>\n<p>14<br \/>\nA Ra\u00e7a Humana<\/p>\n<p>15<br \/>\nExtra!<\/p>\n<p>16<br \/>\nA Novidade<\/p>\n<p>17<br \/>\nA Ela<\/p>\n<p>18<br \/>\nVolks Volkswagen Blues<\/p>\n<p>19<br \/>\nMon Thiers Monde<\/p>\n<p>20<br \/>\nAfox\u00e9 \u00c9<\/p>\n<p>21<br \/>\n\u00c9 Menina<\/p>\n<p>22<br \/>\nS\u00edtio do Pica-Pau Amarelo<br \/>\n{{\/tracklist}}<\/p>\n","protected":false},"excerpt":{"rendered":"<p>No ar a segunda parte de tr\u00eas, da mixtape homenageando a obra Gilberto Gil! Nesta segunda parte viajei bastante nos 80 e tamb\u00e9m no lado reggae music de Gil, mostrando tamb\u00e9m can\u00e7\u00f5es cantadas em ingl\u00eas e franc\u00eas tamb\u00e9m onde ele nos mostra o quanto a nossa m\u00fasica \u00e9 rica e importante a ponto de se [&hellip;]<\/p>\n","protected":false},"author":1,"featured_media":253,"comment_status":"closed","ping_status":"open","sticky":false,"template":"","format":"standard","meta":[],"categories":[8],"tags":[],"acf":{"embed":{"title":"GilberTAPE Vol. 2","url":"https:\/\/www.mixcloud.com\/djnyack\/gilbertape-gil-pt-2\/"}},"_links":{"self":[{"href":"https:\/\/djnyack.com\/site\/wp-json\/wp\/v2\/posts\/252"}],"collection":[{"href":"https:\/\/djnyack.com\/site\/wp-json\/wp\/v2\/posts"}],"about":[{"href":"https:\/\/djnyack.com\/site\/wp-json\/wp\/v2\/types\/post"}],"author":[{"embeddable":true,"href":"https:\/\/djnyack.com\/site\/wp-json\/wp\/v2\/users\/1"}],"replies":[{"embeddable":true,"href":"https:\/\/djnyack.com\/site\/wp-json\/wp\/v2\/comments?post=252"}],"version-history":[{"count":1,"href":"https:\/\/djnyack.com\/site\/wp-json\/wp\/v2\/posts\/252\/revisions"}],"predecessor-version":[{"id":254,"href":"https:\/\/djnyack.com\/site\/wp-json\/wp\/v2\/posts\/252\/revisions\/254"}],"wp:featuredmedia":[{"embeddable":true,"href":"https:\/\/djnyack.com\/site\/wp-json\/wp\/v2\/media\/253"}],"wp:attachment":[{"href":"https:\/\/djnyack.com\/site\/wp-json\/wp\/v2\/media?parent=252"}],"wp:term":[{"taxonomy":"category","embeddable":true,"href":"https:\/\/djnyack.com\/site\/wp-json\/wp\/v2\/categories?post=252"},{"taxonomy":"post_tag","embeddable":true,"href":"https:\/\/djnyack.com\/site\/wp-json\/wp\/v2\/tags?post=252"}],"curies":[{"name":"wp","href":"https:\/\/api.w.org\/{rel}","templated":true}]}}